{"id":2467,"date":"2023-09-14T11:21:51","date_gmt":"2023-09-14T14:21:51","guid":{"rendered":"https:\/\/www.pescanordeste.com.br\/revista\/?p=2467"},"modified":"2023-12-19T11:27:30","modified_gmt":"2023-12-19T14:27:30","slug":"museu-da-pesca-132-programa-pesca-cia-robalo-no-mambucaba","status":"publish","type":"post","link":"https:\/\/www.pescanordeste.com.br\/revista\/museu-da-pesca-132-programa-pesca-cia-robalo-no-mambucaba\/","title":{"rendered":"Museu da Pesca 132 &#8211; Programa Pesca &#038; Cia &#8211; Robalo no Mambucaba"},"content":{"rendered":"\n<p>Gravei muitos programas pelo Pesca &amp; Cia com o Gugu e outros participantes, e na maior parte deles as imagens foram perdidas, pois as fitas eram reutilizadas para novas grava\u00e7\u00f5es, mas fiquei com algumas delas, principalmente quando era c\u00e2mera exclusivo do Gugu.<\/p>\n\n\n\n<p>Uma das pescarias que felizmente fiquei com o registro foi no estado do Rio de Janeiro, perto da cidade de Angra dos Reis, no rio Mambucaba, hospedados na <a><\/a>Pousada do Bosque.<\/p>\n\n\n\n<p>Nossa inten\u00e7\u00e3o era gravar uma pescaria ultra leve de robalinhos no rio e bracinhos de mangue pr\u00f3ximo da praia, mas surpresas acontecem, ainda mais quando o pescador \u00e9 o Gugu. Infelizmente n\u00e3o lembro o ano, sei apenas que foi na d\u00e9cada de 90. Vamos ver como foi!<\/p>\n\n\n\n<figure class=\"wp-block-embed is-type-video is-provider-youtube wp-block-embed-youtube wp-embed-aspect-16-9 wp-has-aspect-ratio\"><div class=\"wp-block-embed__wrapper\">\n<iframe loading=\"lazy\" title=\"Robalo no Mambucaba\" width=\"500\" height=\"281\" src=\"https:\/\/www.youtube.com\/embed\/NMSlUersRNM?feature=oembed\" frameborder=\"0\" allow=\"accelerometer; autoplay; clipboard-write; encrypted-media; gyroscope; picture-in-picture; web-share\" referrerpolicy=\"strict-origin-when-cross-origin\" allowfullscreen><\/iframe>\n<\/div><\/figure>\n","protected":false},"excerpt":{"rendered":"<p>Gravei muitos programas pelo Pesca &amp; Cia com o Gugu e outros participantes, e na maior parte deles as imagens foram perdidas, pois as fitas eram reutilizadas para novas grava\u00e7\u00f5es, mas fiquei com algumas delas, principalmente quando era c\u00e2mera exclusivo do Gugu. Uma das pescarias que felizmente fiquei com o registro foi no estado do [&hellip;]<\/p>\n","protected":false},"author":5,"featured_media":0,"comment_status":"closed","ping_status":"closed","sticky":false,"template":"","format":"standard","meta":{"sfsi_plus_gutenberg_text_before_share":"","sfsi_plus_gutenberg_show_text_before_share":"","sfsi_plus_gutenberg_icon_type":"","sfsi_plus_gutenberg_icon_alignemt":"","sfsi_plus_gutenburg_max_per_row":"","footnotes":""},"categories":[166],"tags":[10,220,178,167,30,218,219,4,102],"class_list":["post-2467","post","type-post","status-publish","format-standard","hentry","category-museu-da-pesca","tag-camurim","tag-mambucaba","tag-marcao","tag-museu-da-pesca","tag-pesca","tag-pesca-cia","tag-pesca-e-companhia","tag-pescaria","tag-robalo"],"_links":{"self":[{"href":"https:\/\/www.pescanordeste.com.br\/revista\/wp-json\/wp\/v2\/posts\/2467","targetHints":{"allow":["GET"]}}],"collection":[{"href":"https:\/\/www.pescanordeste.com.br\/revista\/wp-json\/wp\/v2\/posts"}],"about":[{"href":"https:\/\/www.pescanordeste.com.br\/revista\/wp-json\/wp\/v2\/types\/post"}],"author":[{"embeddable":true,"href":"https:\/\/www.pescanordeste.com.br\/revista\/wp-json\/wp\/v2\/users\/5"}],"replies":[{"embeddable":true,"href":"https:\/\/www.pescanordeste.com.br\/revista\/wp-json\/wp\/v2\/comments?post=2467"}],"version-history":[{"count":1,"href":"https:\/\/www.pescanordeste.com.br\/revista\/wp-json\/wp\/v2\/posts\/2467\/revisions"}],"predecessor-version":[{"id":2468,"href":"https:\/\/www.pescanordeste.com.br\/revista\/wp-json\/wp\/v2\/posts\/2467\/revisions\/2468"}],"wp:attachment":[{"href":"https:\/\/www.pescanordeste.com.br\/revista\/wp-json\/wp\/v2\/media?parent=2467"}],"wp:term":[{"taxonomy":"category","embeddable":true,"href":"https:\/\/www.pescanordeste.com.br\/revista\/wp-json\/wp\/v2\/categories?post=2467"},{"taxonomy":"post_tag","embeddable":true,"href":"https:\/\/www.pescanordeste.com.br\/revista\/wp-json\/wp\/v2\/tags?post=2467"}],"curies":[{"name":"wp","href":"https:\/\/api.w.org\/{rel}","templated":true}]}}