{"id":2465,"date":"2023-09-15T11:02:32","date_gmt":"2023-09-15T14:02:32","guid":{"rendered":"https:\/\/www.pescanordeste.com.br\/revista\/?p=2465"},"modified":"2023-12-19T11:25:07","modified_gmt":"2023-12-19T14:25:07","slug":"museu-da-pesca-133-trutas-em-passa-quatro-01","status":"publish","type":"post","link":"https:\/\/www.pescanordeste.com.br\/revista\/museu-da-pesca-133-trutas-em-passa-quatro-01\/","title":{"rendered":"Museu da Pesca 133 &#8211; Trutas em Passa Quatro 01"},"content":{"rendered":"\n<p>Vamos voltar um pouco no tempo, agora para 1993, para lembrar como come\u00e7ou o programa \u201cPesca &amp; Lazer\u201d, veiculado pela TV Manchete. O interessante \u00e9 que edit\u00e1vamos o programa na TV Bandeirantes e ia ao ar na TV Manchete.<\/p>\n\n\n\n<p>Estava uma manh\u00e3 em casa quando recebi uma liga\u00e7\u00e3o do Edisinho, da \u201cCasa Pinheiros\u201d. Dizia que a loja estava pensando em \u201cbancar\u201d um programa de pesca e estava me convidando para participar.<\/p>\n\n\n\n<p>Para tanto gostariam de <a><\/a>fazer um teste com o pessoal escolhido, aproveitando para ter uma conversa e opini\u00e3o com todos os envolvidos. Os apresentadores seriam o Edisinho, o Capit\u00e3o Cravo e o Eduardo Morgado. Eu seria o diretor de externas. Se eu topasse, eles me pegariam em casa naquela mesma manh\u00e3 e partir\u00edamos para o primeiro teste. Topei e l\u00e1 fomos n\u00f3s.<\/p>\n\n\n\n<p>O local escolhido foi um pesqueiro de trutas, que al\u00e9m de criador tinha lagos de \u201cpesque e pague\u201d, na Serra da Mantiqueira, regi\u00e3o sul de Minas Gerais, cidade de \u201cPassa Quatro\u201d.<\/p>\n\n\n\n<p>Foi uma primeira grava\u00e7\u00e3o para observa\u00e7\u00e3o e an\u00e1lise do que poderia ser feito, com nenhum especialista para nos orientar. S\u00f3 depois de definida a cria\u00e7\u00e3o do programa foi montada uma estrutura profissional, com pessoal do ramo e experi\u00eancia e equipe de televis\u00e3o,<\/p>\n\n\n\n<p>Gostei muito do resultado, o programa durou seis meses e acabou por falta de patroc\u00ednio, para variar, al\u00e9m de outros problemas que n\u00e3o vale a pena mencionar.<\/p>\n\n\n\n<p>Da equipe que fez esse primeiro teste em Passa Quaro, apenas o Morgado n\u00e3o participou do programa, pois na \u00e9poca era funcion\u00e1rio da Vasp e n\u00e3o conseguiu conciliar as coisas. Uma pena, mas depois acabou entrando no ramo de corpo e alma, sendo um dos destaques da m\u00eddia nesse desenvolvimento da pesca esportiva no Brasil.<\/p>\n\n\n\n<p>O interessante \u00e9 que algumas dessas imagens acabaram sendo utilizadas tempos depois num programa do \u201cPesca &amp; Lazer\u201d, afinal de contas acabou valendo a pena. S\u00e3o boas lembran\u00e7as daqueles tempos, que aqui compartilhamos com os amigos.<\/p>\n\n\n\n<figure class=\"wp-block-embed is-type-video is-provider-youtube wp-block-embed-youtube wp-embed-aspect-16-9 wp-has-aspect-ratio\"><div class=\"wp-block-embed__wrapper\">\n<iframe loading=\"lazy\" title=\"Trutas em Passa Quatro 01\" width=\"500\" height=\"281\" src=\"https:\/\/www.youtube.com\/embed\/eKNCUV6ioRM?feature=oembed\" frameborder=\"0\" allow=\"accelerometer; autoplay; clipboard-write; encrypted-media; gyroscope; picture-in-picture; web-share\" referrerpolicy=\"strict-origin-when-cross-origin\" allowfullscreen><\/iframe>\n<\/div><\/figure>\n","protected":false},"excerpt":{"rendered":"<p>Vamos voltar um pouco no tempo, agora para 1993, para lembrar como come\u00e7ou o programa \u201cPesca &amp; Lazer\u201d, veiculado pela TV Manchete. O interessante \u00e9 que edit\u00e1vamos o programa na TV Bandeirantes e ia ao ar na TV Manchete. Estava uma manh\u00e3 em casa quando recebi uma liga\u00e7\u00e3o do Edisinho, da \u201cCasa Pinheiros\u201d. Dizia que [&hellip;]<\/p>\n","protected":false},"author":5,"featured_media":0,"comment_status":"closed","ping_status":"closed","sticky":false,"template":"","format":"standard","meta":{"sfsi_plus_gutenberg_text_before_share":"","sfsi_plus_gutenberg_show_text_before_share":"","sfsi_plus_gutenberg_icon_type":"","sfsi_plus_gutenberg_icon_alignemt":"","sfsi_plus_gutenburg_max_per_row":"","footnotes":""},"categories":[166],"tags":[169,216,178,167,214,30,215,4,217,213],"class_list":["post-2465","post","type-post","status-publish","format-standard","hentry","category-museu-da-pesca","tag-fly","tag-fly-fishing","tag-marcao","tag-museu-da-pesca","tag-passa-quatro","tag-pesca","tag-pesca-com-mosca","tag-pescaria","tag-serra-da-mantiqueira","tag-truta"],"_links":{"self":[{"href":"https:\/\/www.pescanordeste.com.br\/revista\/wp-json\/wp\/v2\/posts\/2465","targetHints":{"allow":["GET"]}}],"collection":[{"href":"https:\/\/www.pescanordeste.com.br\/revista\/wp-json\/wp\/v2\/posts"}],"about":[{"href":"https:\/\/www.pescanordeste.com.br\/revista\/wp-json\/wp\/v2\/types\/post"}],"author":[{"embeddable":true,"href":"https:\/\/www.pescanordeste.com.br\/revista\/wp-json\/wp\/v2\/users\/5"}],"replies":[{"embeddable":true,"href":"https:\/\/www.pescanordeste.com.br\/revista\/wp-json\/wp\/v2\/comments?post=2465"}],"version-history":[{"count":1,"href":"https:\/\/www.pescanordeste.com.br\/revista\/wp-json\/wp\/v2\/posts\/2465\/revisions"}],"predecessor-version":[{"id":2466,"href":"https:\/\/www.pescanordeste.com.br\/revista\/wp-json\/wp\/v2\/posts\/2465\/revisions\/2466"}],"wp:attachment":[{"href":"https:\/\/www.pescanordeste.com.br\/revista\/wp-json\/wp\/v2\/media?parent=2465"}],"wp:term":[{"taxonomy":"category","embeddable":true,"href":"https:\/\/www.pescanordeste.com.br\/revista\/wp-json\/wp\/v2\/categories?post=2465"},{"taxonomy":"post_tag","embeddable":true,"href":"https:\/\/www.pescanordeste.com.br\/revista\/wp-json\/wp\/v2\/tags?post=2465"}],"curies":[{"name":"wp","href":"https:\/\/api.w.org\/{rel}","templated":true}]}}