{"id":2453,"date":"2023-09-20T17:26:04","date_gmt":"2023-09-20T20:26:04","guid":{"rendered":"https:\/\/www.pescanordeste.com.br\/revista\/?p=2453"},"modified":"2023-12-19T09:46:43","modified_gmt":"2023-12-19T12:46:43","slug":"museu-da-pesca-138-especial-sobre-a-amazonia-01","status":"publish","type":"post","link":"https:\/\/www.pescanordeste.com.br\/revista\/museu-da-pesca-138-especial-sobre-a-amazonia-01\/","title":{"rendered":"Museu da Pesca 138 &#8211; Especial sobre a Amaz\u00f4nia 01"},"content":{"rendered":"\n<p>N\u00e3o me lembro com certeza se o programa \u201cCaminhos da Pesca\u201d, da Zillig Editora, come\u00e7ou em 1999 ou 2000. Em 2000 j\u00e1 estava no ar, depois o programa deu uma parada e algum tempo depois reiniciou, indo at\u00e9 parte de 2001. Quem se lembrar das datas certas far\u00e1 um favor nos corrigindo.<\/p>\n\n\n\n<p>Dito isso, num final de ano (acredito que 2000) o Mateus resolveu fazer um especial mostrando a pesca do tucunar\u00e9 na Amaz\u00f4nia. Para tanto, usar\u00edamos <a><\/a>meu arquivo de grava\u00e7\u00f5es de pescaria (R\u00e9ia), juntamente com novas grava\u00e7\u00f5es efetuadas pela ZYD na Riviera de S\u00e3o Louren\u00e7o, onde falar\u00edamos de um modo geral sobre os perif\u00e9ricos envolvidos em tal aventura.<\/p>\n\n\n\n<p>Toda a equipe ficou hospedada na Riviera um fim de semana, at\u00e9 finalizarmos as grava\u00e7\u00f5es.<\/p>\n\n\n\n<p>Pelo que me lembro o programa foi levado ao ar em duas partes, duas semanas seguidas, mas iremos postar aqui o resumo do programa, ainda mais dividido em tr\u00eas partes, para facilitar a visualiza\u00e7\u00e3o dos amigos. N\u00e3o ser\u00e1 o programa completo, mas o suficiente para n\u00e3o perdermos a mem\u00f3ria daqueles tempos.<\/p>\n\n\n\n<figure class=\"wp-block-embed is-type-video is-provider-youtube wp-block-embed-youtube wp-embed-aspect-16-9 wp-has-aspect-ratio\"><div class=\"wp-block-embed__wrapper\">\n<iframe loading=\"lazy\" title=\"Especial sobre a Amaz\u00f4nia 01\" width=\"500\" height=\"281\" src=\"https:\/\/www.youtube.com\/embed\/ZVqYl9ICkwg?feature=oembed\" frameborder=\"0\" allow=\"accelerometer; autoplay; clipboard-write; encrypted-media; gyroscope; picture-in-picture; web-share\" referrerpolicy=\"strict-origin-when-cross-origin\" allowfullscreen><\/iframe>\n<\/div><\/figure>\n","protected":false},"excerpt":{"rendered":"<p>N\u00e3o me lembro com certeza se o programa \u201cCaminhos da Pesca\u201d, da Zillig Editora, come\u00e7ou em 1999 ou 2000. Em 2000 j\u00e1 estava no ar, depois o programa deu uma parada e algum tempo depois reiniciou, indo at\u00e9 parte de 2001. Quem se lembrar das datas certas far\u00e1 um favor nos corrigindo. Dito isso, num [&hellip;]<\/p>\n","protected":false},"author":5,"featured_media":0,"comment_status":"closed","ping_status":"closed","sticky":false,"template":"","format":"standard","meta":{"sfsi_plus_gutenberg_text_before_share":"","sfsi_plus_gutenberg_show_text_before_share":"","sfsi_plus_gutenberg_icon_type":"","sfsi_plus_gutenberg_icon_alignemt":"","sfsi_plus_gutenburg_max_per_row":"","footnotes":""},"categories":[166],"tags":[196,210,188,178,167,30,4,129],"class_list":["post-2453","post","type-post","status-publish","format-standard","hentry","category-museu-da-pesca","tag-amazonas","tag-amazonia","tag-caminhos-da-pesca","tag-marcao","tag-museu-da-pesca","tag-pesca","tag-pescaria","tag-tucunare"],"_links":{"self":[{"href":"https:\/\/www.pescanordeste.com.br\/revista\/wp-json\/wp\/v2\/posts\/2453","targetHints":{"allow":["GET"]}}],"collection":[{"href":"https:\/\/www.pescanordeste.com.br\/revista\/wp-json\/wp\/v2\/posts"}],"about":[{"href":"https:\/\/www.pescanordeste.com.br\/revista\/wp-json\/wp\/v2\/types\/post"}],"author":[{"embeddable":true,"href":"https:\/\/www.pescanordeste.com.br\/revista\/wp-json\/wp\/v2\/users\/5"}],"replies":[{"embeddable":true,"href":"https:\/\/www.pescanordeste.com.br\/revista\/wp-json\/wp\/v2\/comments?post=2453"}],"version-history":[{"count":1,"href":"https:\/\/www.pescanordeste.com.br\/revista\/wp-json\/wp\/v2\/posts\/2453\/revisions"}],"predecessor-version":[{"id":2454,"href":"https:\/\/www.pescanordeste.com.br\/revista\/wp-json\/wp\/v2\/posts\/2453\/revisions\/2454"}],"wp:attachment":[{"href":"https:\/\/www.pescanordeste.com.br\/revista\/wp-json\/wp\/v2\/media?parent=2453"}],"wp:term":[{"taxonomy":"category","embeddable":true,"href":"https:\/\/www.pescanordeste.com.br\/revista\/wp-json\/wp\/v2\/categories?post=2453"},{"taxonomy":"post_tag","embeddable":true,"href":"https:\/\/www.pescanordeste.com.br\/revista\/wp-json\/wp\/v2\/tags?post=2453"}],"curies":[{"name":"wp","href":"https:\/\/api.w.org\/{rel}","templated":true}]}}