{"id":2445,"date":"2023-09-24T07:35:27","date_gmt":"2023-09-24T10:35:27","guid":{"rendered":"https:\/\/www.pescanordeste.com.br\/revista\/?p=2445"},"modified":"2023-12-19T09:38:09","modified_gmt":"2023-12-19T12:38:09","slug":"museu-da-pesca-142-padilha-e-os-bass","status":"publish","type":"post","link":"https:\/\/www.pescanordeste.com.br\/revista\/museu-da-pesca-142-padilha-e-os-bass\/","title":{"rendered":"Museu da Pesca 142 &#8211; Padilha e os Bass"},"content":{"rendered":"\n<p>Em 1993 lan\u00e7amos o v\u00eddeo em VHS \u201cO Mundo das Iscas Artificiais\u201d. Na sua produ\u00e7\u00e3o faltava algumas cenas de Black Bass, a truta verde, como alguns ribeirinhos o chamavam. Pedi socorro ao Padilha, que juntamente com seu filho, o Leo, me levaram para a represa de Atibainha. Foi uma pescaria feita com bastante cuidado, pois o Padilha tinha quebrado uma perna e estava em recupera\u00e7\u00e3o.<\/p>\n\n\n\n<p>Conseguimos as cenas e encerramos a pescaria, mas eu fiquei com aquele gostinho de \u201ctamb\u00e9m quero\u201d. N\u00e3o deu outra, 15 dias depois l\u00e1 est\u00e1vamos o Ismar, o Conradinho, e eu, sem c\u00e2mera, apenas para pescar. Eu n\u00e3o conhecia a represa, apenas pela pescaria com o Padilha, mas tinha marcado bem alguns pontos. O resultado foi at\u00e9 que satisfat\u00f3rio. O Ismar pegou dois, eu peguei um, e o Conrado ficou \u201cno dedo\u201d. Fiquei satisfeit\u00edssimo, pois t\u00ednhamos capturado os peixes com minhocas artificiais, que n\u00e3o eram nossa especialidade, al\u00e9m de conhecer um novo pesqueiro. O Black j\u00e1 era nosso conhecido, da Cachoeira do Fran\u00e7a, em Juquitiba. Essas s\u00e3o algumas cenas daquela pescaria.<\/p>\n\n\n\n<figure class=\"wp-block-embed is-type-video is-provider-youtube wp-block-embed-youtube wp-embed-aspect-16-9 wp-has-aspect-ratio\"><div class=\"wp-block-embed__wrapper\">\n<iframe loading=\"lazy\" title=\"Padilha e os Bass\" width=\"500\" height=\"281\" src=\"https:\/\/www.youtube.com\/embed\/e1ZlXi0F46k?feature=oembed\" frameborder=\"0\" allow=\"accelerometer; autoplay; clipboard-write; encrypted-media; gyroscope; picture-in-picture; web-share\" referrerpolicy=\"strict-origin-when-cross-origin\" allowfullscreen><\/iframe>\n<\/div><\/figure>\n","protected":false},"excerpt":{"rendered":"<p>Em 1993 lan\u00e7amos o v\u00eddeo em VHS \u201cO Mundo das Iscas Artificiais\u201d. Na sua produ\u00e7\u00e3o faltava algumas cenas de Black Bass, a truta verde, como alguns ribeirinhos o chamavam. Pedi socorro ao Padilha, que juntamente com seu filho, o Leo, me levaram para a represa de Atibainha. Foi uma pescaria feita com bastante cuidado, pois [&hellip;]<\/p>\n","protected":false},"author":5,"featured_media":0,"comment_status":"closed","ping_status":"closed","sticky":false,"template":"","format":"standard","meta":{"sfsi_plus_gutenberg_text_before_share":"","sfsi_plus_gutenberg_show_text_before_share":"","sfsi_plus_gutenberg_icon_type":"","sfsi_plus_gutenberg_icon_alignemt":"","sfsi_plus_gutenburg_max_per_row":"","footnotes":""},"categories":[166],"tags":[207,209,178,167,208,30,4],"class_list":["post-2445","post","type-post","status-publish","format-standard","hentry","category-museu-da-pesca","tag-bass","tag-black-bass","tag-marcao","tag-museu-da-pesca","tag-o-mundo-das-iscas-artificiais","tag-pesca","tag-pescaria"],"_links":{"self":[{"href":"https:\/\/www.pescanordeste.com.br\/revista\/wp-json\/wp\/v2\/posts\/2445","targetHints":{"allow":["GET"]}}],"collection":[{"href":"https:\/\/www.pescanordeste.com.br\/revista\/wp-json\/wp\/v2\/posts"}],"about":[{"href":"https:\/\/www.pescanordeste.com.br\/revista\/wp-json\/wp\/v2\/types\/post"}],"author":[{"embeddable":true,"href":"https:\/\/www.pescanordeste.com.br\/revista\/wp-json\/wp\/v2\/users\/5"}],"replies":[{"embeddable":true,"href":"https:\/\/www.pescanordeste.com.br\/revista\/wp-json\/wp\/v2\/comments?post=2445"}],"version-history":[{"count":1,"href":"https:\/\/www.pescanordeste.com.br\/revista\/wp-json\/wp\/v2\/posts\/2445\/revisions"}],"predecessor-version":[{"id":2446,"href":"https:\/\/www.pescanordeste.com.br\/revista\/wp-json\/wp\/v2\/posts\/2445\/revisions\/2446"}],"wp:attachment":[{"href":"https:\/\/www.pescanordeste.com.br\/revista\/wp-json\/wp\/v2\/media?parent=2445"}],"wp:term":[{"taxonomy":"category","embeddable":true,"href":"https:\/\/www.pescanordeste.com.br\/revista\/wp-json\/wp\/v2\/categories?post=2445"},{"taxonomy":"post_tag","embeddable":true,"href":"https:\/\/www.pescanordeste.com.br\/revista\/wp-json\/wp\/v2\/tags?post=2445"}],"curies":[{"name":"wp","href":"https:\/\/api.w.org\/{rel}","templated":true}]}}