{"id":2431,"date":"2023-10-01T11:10:46","date_gmt":"2023-10-01T14:10:46","guid":{"rendered":"https:\/\/www.pescanordeste.com.br\/revista\/?p=2431"},"modified":"2023-12-19T08:54:36","modified_gmt":"2023-12-19T11:54:36","slug":"museu-da-pesca-147-reserva-do-jau-01","status":"publish","type":"post","link":"https:\/\/www.pescanordeste.com.br\/revista\/museu-da-pesca-147-reserva-do-jau-01\/","title":{"rendered":"Museu da Pesca 147 &#8211; Reserva do Ja\u00fa 01"},"content":{"rendered":"\n<p>A \u201cReserva do Ja\u00fa\u201d j\u00e1 na d\u00e9cada de 90 tinha seu acesso limitado. Foi dif\u00edcil conseguir uma licen\u00e7a para visita-la, mas conseguimos, com a condi\u00e7\u00e3o de n\u00e3o embarcar nenhum peixe, o que j\u00e1 faz\u00edamos, mas dessa vez nem para consumo no barco.<\/p>\n\n\n\n<p>Subindo o Rio Negro a partir de Manaus, fica antes da entrada do rio Unini, que tamb\u00e9m tem seu acesso proibido nos dias de hoje (2023) para a pratica da pesca esportiva.<\/p>\n\n\n\n<p>Na \u00e9poca dessa viagem (anos 90) o rio <a><\/a>Negro estava bastante baixo, dificultando a navega\u00e7\u00e3o, sendo necess\u00e1rio colocarmos barcos batedores para ir verificando a profundidade e orientando a navega\u00e7\u00e3o das naves m\u00e3e.<\/p>\n\n\n\n<p>Local bel\u00edssimo e cheio de pedras em seu leito, pelo menos no come\u00e7o, necessita aten\u00e7\u00e3o em sua navega\u00e7\u00e3o.<\/p>\n\n\n\n<p>Conhe\u00e7am uma pequena amostra do rio Ja\u00fa, margem direita do rio Negro.<\/p>\n\n\n","protected":false},"excerpt":{"rendered":"<p>A \u201cReserva do Ja\u00fa\u201d j\u00e1 na d\u00e9cada de 90 tinha seu acesso limitado. Foi dif\u00edcil conseguir uma licen\u00e7a para visita-la, mas conseguimos, com a condi\u00e7\u00e3o de n\u00e3o embarcar nenhum peixe, o que j\u00e1 faz\u00edamos, mas dessa vez nem para consumo no barco. Subindo o Rio Negro a partir de Manaus, fica antes da entrada do [&hellip;]<\/p>\n","protected":false},"author":5,"featured_media":0,"comment_status":"closed","ping_status":"closed","sticky":false,"template":"","format":"standard","meta":{"sfsi_plus_gutenberg_text_before_share":"","sfsi_plus_gutenberg_show_text_before_share":"","sfsi_plus_gutenberg_icon_type":"","sfsi_plus_gutenberg_icon_alignemt":"","sfsi_plus_gutenburg_max_per_row":"","footnotes":""},"categories":[166],"tags":[196,178,167,30,4,194,195,129],"class_list":["post-2431","post","type-post","status-publish","format-standard","hentry","category-museu-da-pesca","tag-amazonas","tag-marcao","tag-museu-da-pesca","tag-pesca","tag-pescaria","tag-reserva-do-jau","tag-rio-negro","tag-tucunare"],"_links":{"self":[{"href":"https:\/\/www.pescanordeste.com.br\/revista\/wp-json\/wp\/v2\/posts\/2431","targetHints":{"allow":["GET"]}}],"collection":[{"href":"https:\/\/www.pescanordeste.com.br\/revista\/wp-json\/wp\/v2\/posts"}],"about":[{"href":"https:\/\/www.pescanordeste.com.br\/revista\/wp-json\/wp\/v2\/types\/post"}],"author":[{"embeddable":true,"href":"https:\/\/www.pescanordeste.com.br\/revista\/wp-json\/wp\/v2\/users\/5"}],"replies":[{"embeddable":true,"href":"https:\/\/www.pescanordeste.com.br\/revista\/wp-json\/wp\/v2\/comments?post=2431"}],"version-history":[{"count":1,"href":"https:\/\/www.pescanordeste.com.br\/revista\/wp-json\/wp\/v2\/posts\/2431\/revisions"}],"predecessor-version":[{"id":2432,"href":"https:\/\/www.pescanordeste.com.br\/revista\/wp-json\/wp\/v2\/posts\/2431\/revisions\/2432"}],"wp:attachment":[{"href":"https:\/\/www.pescanordeste.com.br\/revista\/wp-json\/wp\/v2\/media?parent=2431"}],"wp:term":[{"taxonomy":"category","embeddable":true,"href":"https:\/\/www.pescanordeste.com.br\/revista\/wp-json\/wp\/v2\/categories?post=2431"},{"taxonomy":"post_tag","embeddable":true,"href":"https:\/\/www.pescanordeste.com.br\/revista\/wp-json\/wp\/v2\/tags?post=2431"}],"curies":[{"name":"wp","href":"https:\/\/api.w.org\/{rel}","templated":true}]}}