{"id":2429,"date":"2023-10-02T10:52:34","date_gmt":"2023-10-02T13:52:34","guid":{"rendered":"https:\/\/www.pescanordeste.com.br\/revista\/?p=2429"},"modified":"2023-12-19T08:54:46","modified_gmt":"2023-12-19T11:54:46","slug":"museu-da-pesca-148-reserva-do-jau-02","status":"publish","type":"post","link":"https:\/\/www.pescanordeste.com.br\/revista\/museu-da-pesca-148-reserva-do-jau-02\/","title":{"rendered":"Museu da Pesca 148 &#8211; Reserva do Ja\u00fa 02"},"content":{"rendered":"\n<p>Esse \u00e9 o Ja\u00fa. Foi a primeira e \u00faltima vez que entramos nele. N\u00e3o fizemos grandes capturas, mas foi nesse dia que o amigo Walter capturou um belo pirarucu de uns 20 kg com varinha dimensionada para os tucunar\u00e9s. Infelizmente n\u00e3o presenciei nem gravei a cena.<\/p>\n\n\n\n<p>Fora do rio Ja\u00fa n\u00e3o havia impedimento para pesca, e encontramos belos e piscosos pontos onde vivemos grandes emo\u00e7\u00f5es em outras ocasi\u00f5es.<\/p>\n\n\n\n<figure class=\"wp-block-embed is-type-video is-provider-youtube wp-block-embed-youtube wp-embed-aspect-16-9 wp-has-aspect-ratio\"><div class=\"wp-block-embed__wrapper\">\n<iframe loading=\"lazy\" title=\"Reserva do Ja\u00fa 02\" width=\"500\" height=\"281\" src=\"https:\/\/www.youtube.com\/embed\/pKJiXl6qCRs?feature=oembed\" frameborder=\"0\" allow=\"accelerometer; autoplay; clipboard-write; encrypted-media; gyroscope; picture-in-picture; web-share\" referrerpolicy=\"strict-origin-when-cross-origin\" allowfullscreen><\/iframe>\n<\/div><\/figure>\n","protected":false},"excerpt":{"rendered":"<p>Esse \u00e9 o Ja\u00fa. Foi a primeira e \u00faltima vez que entramos nele. N\u00e3o fizemos grandes capturas, mas foi nesse dia que o amigo Walter capturou um belo pirarucu de uns 20 kg com varinha dimensionada para os tucunar\u00e9s. Infelizmente n\u00e3o presenciei nem gravei a cena. Fora do rio Ja\u00fa n\u00e3o havia impedimento para pesca, [&hellip;]<\/p>\n","protected":false},"author":5,"featured_media":0,"comment_status":"closed","ping_status":"closed","sticky":false,"template":"","format":"standard","meta":{"sfsi_plus_gutenberg_text_before_share":"","sfsi_plus_gutenberg_show_text_before_share":"","sfsi_plus_gutenberg_icon_type":"","sfsi_plus_gutenberg_icon_alignemt":"","sfsi_plus_gutenburg_max_per_row":"","footnotes":""},"categories":[166],"tags":[196,178,167,30,4,194,195,129],"class_list":["post-2429","post","type-post","status-publish","format-standard","hentry","category-museu-da-pesca","tag-amazonas","tag-marcao","tag-museu-da-pesca","tag-pesca","tag-pescaria","tag-reserva-do-jau","tag-rio-negro","tag-tucunare"],"_links":{"self":[{"href":"https:\/\/www.pescanordeste.com.br\/revista\/wp-json\/wp\/v2\/posts\/2429","targetHints":{"allow":["GET"]}}],"collection":[{"href":"https:\/\/www.pescanordeste.com.br\/revista\/wp-json\/wp\/v2\/posts"}],"about":[{"href":"https:\/\/www.pescanordeste.com.br\/revista\/wp-json\/wp\/v2\/types\/post"}],"author":[{"embeddable":true,"href":"https:\/\/www.pescanordeste.com.br\/revista\/wp-json\/wp\/v2\/users\/5"}],"replies":[{"embeddable":true,"href":"https:\/\/www.pescanordeste.com.br\/revista\/wp-json\/wp\/v2\/comments?post=2429"}],"version-history":[{"count":1,"href":"https:\/\/www.pescanordeste.com.br\/revista\/wp-json\/wp\/v2\/posts\/2429\/revisions"}],"predecessor-version":[{"id":2430,"href":"https:\/\/www.pescanordeste.com.br\/revista\/wp-json\/wp\/v2\/posts\/2429\/revisions\/2430"}],"wp:attachment":[{"href":"https:\/\/www.pescanordeste.com.br\/revista\/wp-json\/wp\/v2\/media?parent=2429"}],"wp:term":[{"taxonomy":"category","embeddable":true,"href":"https:\/\/www.pescanordeste.com.br\/revista\/wp-json\/wp\/v2\/categories?post=2429"},{"taxonomy":"post_tag","embeddable":true,"href":"https:\/\/www.pescanordeste.com.br\/revista\/wp-json\/wp\/v2\/tags?post=2429"}],"curies":[{"name":"wp","href":"https:\/\/api.w.org\/{rel}","templated":true}]}}