{"id":2425,"date":"2023-11-15T10:37:26","date_gmt":"2023-11-15T13:37:26","guid":{"rendered":"https:\/\/www.pescanordeste.com.br\/revista\/?p=2425"},"modified":"2023-12-18T16:47:13","modified_gmt":"2023-12-18T19:47:13","slug":"museu-da-pesca-180-reinicio","status":"publish","type":"post","link":"https:\/\/www.pescanordeste.com.br\/revista\/museu-da-pesca-180-reinicio\/","title":{"rendered":"Museu da Pesca 180 &#8211; Rein\u00edcio"},"content":{"rendered":"\n<p>Come\u00e7o agora a segunda parte do Museu da Pesca. Novos lugares, novos peixes, e novas experi\u00eancias. N\u00e3o sei se terei paci\u00eancia para ir at\u00e9 o final, vamos ver. Talvez n\u00e3o siga a mesma frequ\u00eancia de postagens anteriores, di\u00e1rias, dever\u00e1 ser mais \u201clight\u201d. Com base nisso, voltarei a publicar simultaneamente no Face book.<\/p>\n\n\n\n<p>Cheguei em Natal em 2001, ainda era \u00e9poca das fitas VHS. Foi quando inaugurei a s\u00e9rie \u201cCaminhos do Sol\u201d. No come\u00e7o foi adapta\u00e7\u00e3o ao <a><\/a>novo ambiente e a novos costumes, embora eu seja filho da terra, mas h\u00e1 muito tempo afastado.<\/p>\n\n\n\n<p>Fui conhecendo praias e pescarias com o aux\u00edlio inestim\u00e1vel do pessoal da regi\u00e3o, como o Alexandre Cardoso, Carlos Blatt e outros, mas sem sombra de d\u00favida quem me abriu as portas para um novo mundo foi o Dinho, um \u00edcone da pesca amadora em nosso estado. Foi quem me apresentou ao tarpon, camurupim por aqui. J\u00e1 pesca com iscas artificiais contava com o Alexandre e o Blatt, cada um em seu peda\u00e7o. Pesca oce\u00e2nica e costeira, o Dinho. Pesca em rios e canais, a dupla da loja Mar &amp; Rio. Contei ainda com a ajuda do Leilton Lima, um dos propriet\u00e1rios da loja de pesca \u201cMar &amp; Rio\u201d, que liberou seus funcion\u00e1rios (um de cada vez, claro) para me ciceronear pelas praias da regi\u00e3o.<\/p>\n\n\n\n<p>Logo eu tinha um acervo razo\u00e1vel de imagens das pescarias feitas por aqui, e minha ideia era desenvolver o turismo da pesca esportiva em Natal, pouco conhecido pelas regi\u00f5es sudeste e sul do pa\u00eds. Foi quando entrou o Gilberto Maia, que tinha uma agencia de turismo e se engajou no projeto. Al\u00e9m da agencia era propriet\u00e1rio do barco \u00d3rion, onde fizemos grandes pescarias no mar azul.<\/p>\n\n\n\n<p>Infelizmente n\u00e3o deu certo, como j\u00e1 descrito ao longo dessa s\u00e9rie, e sem outra alternativa, voltei aos v\u00eddeos de pesca.<\/p>\n\n\n\n<p>Em 2001 j\u00e1 tinha lan\u00e7ado em VHS o primeiro da s\u00e9rie \u201cCaminhos do Sol\u201d, o \u201cRio Grande, Adeus\u201d, gravado na d\u00e9cada de 90 com o Gugu e o Lester. Agora era a vez do segundo e \u00faltimo, \u201cA Pesca no Nordeste\u201d, pois acabava a era dos VHS e iniciava a era dos DVD`s, mas isso \u00e9 outra hist\u00f3ria.<\/p>\n\n\n\n<p>Paralelamente a isso, outra ideia era lan\u00e7ar um programa na TV sobre pesca esportiva por aqui. Para isso contamos com a ajuda do Leilton Lima, que tamb\u00e9m era propriet\u00e1rio da agencia de propaganda \u201cL4\u201d. Resolvemos fazer um piloto, sem muitos recursos, apenas para dar uma ideia do projeto, e sa\u00edmos em campo. Novamente n\u00e3o deu em nada, mas apesar do desgaste das imagens com o passar do tempo, com perda inclusive das cores, ficamos com o arquivo desse piloto, e gostar\u00edamos muito de mostrar aos amigos mais uma fase dessas tentativas de alavancar a pesca amadora recreativa por aqui.<\/p>\n\n\n\n<p>Gostaria muito, independentemente desse projeto, \u201cMuseu da Pesca\u201d, mostrar as op\u00e7\u00f5es de pesca que temos por aqui, com grava\u00e7\u00f5es atuais, pontos para se capturar bons peixes de beira de praia, com os p\u00e9s na areia, al\u00e9m das alternativas de oceano, rios e mangues, mas infelizmente por motivos de sa\u00fade e idade n\u00e3o tenho mais condi\u00e7\u00f5es de faz\u00ea-lo, pois n\u00e3o tenho companhia para tal, e a realidade \u00e9 que o convite para pescarias \u00e9 inversamente proporcional \u00e0 idade avan\u00e7ada. Al\u00e9m disso, sou aposentado pelo INSS. J\u00e1 viram, n\u00e9? Vamos nos contentar com o \u201cMuseu da Pesca\u201d, \u00e9 o que posso oferecer&#8230;<\/p>\n\n\n\n<p>Para facilitar as visualiza\u00e7\u00f5es, mais uma vez dividimos as postagens em 4 partes, sen\u00e3o ningu\u00e9m assistiria. Inclusive duvido muito que algu\u00e9m leia esse texto at\u00e9 aqui, mas vamos l\u00e1&#8230;<\/p>\n\n\n\n<p>Vamos \u00e0 primeira parte:<\/p>\n\n\n\n<figure class=\"wp-block-embed is-type-video is-provider-youtube wp-block-embed-youtube wp-embed-aspect-16-9 wp-has-aspect-ratio\"><div class=\"wp-block-embed__wrapper\">\n<iframe loading=\"lazy\" title=\"Piloto RN Pesca bloco 01\" width=\"500\" height=\"281\" src=\"https:\/\/www.youtube.com\/embed\/6QBjnVToJsM?feature=oembed\" frameborder=\"0\" allow=\"accelerometer; autoplay; clipboard-write; encrypted-media; gyroscope; picture-in-picture; web-share\" referrerpolicy=\"strict-origin-when-cross-origin\" allowfullscreen><\/iframe>\n<\/div><\/figure>\n","protected":false},"excerpt":{"rendered":"<p>Come\u00e7o agora a segunda parte do Museu da Pesca. Novos lugares, novos peixes, e novas experi\u00eancias. N\u00e3o sei se terei paci\u00eancia para ir at\u00e9 o final, vamos ver. Talvez n\u00e3o siga a mesma frequ\u00eancia de postagens anteriores, di\u00e1rias, dever\u00e1 ser mais \u201clight\u201d. Com base nisso, voltarei a publicar simultaneamente no Face book. Cheguei em Natal [&hellip;]<\/p>\n","protected":false},"author":5,"featured_media":0,"comment_status":"closed","ping_status":"closed","sticky":false,"template":"","format":"standard","meta":{"sfsi_plus_gutenberg_text_before_share":"","sfsi_plus_gutenberg_show_text_before_share":"","sfsi_plus_gutenberg_icon_type":"","sfsi_plus_gutenberg_icon_alignemt":"","sfsi_plus_gutenburg_max_per_row":"","footnotes":""},"categories":[166],"tags":[193,10,178,167,7,30,4,102,37,5],"class_list":["post-2425","post","type-post","status-publish","format-standard","hentry","category-museu-da-pesca","tag-caminhos-do-sol","tag-camurim","tag-marcao","tag-museu-da-pesca","tag-nordeste","tag-pesca","tag-pescaria","tag-robalo","tag-tarpon","tag-xareu"],"_links":{"self":[{"href":"https:\/\/www.pescanordeste.com.br\/revista\/wp-json\/wp\/v2\/posts\/2425","targetHints":{"allow":["GET"]}}],"collection":[{"href":"https:\/\/www.pescanordeste.com.br\/revista\/wp-json\/wp\/v2\/posts"}],"about":[{"href":"https:\/\/www.pescanordeste.com.br\/revista\/wp-json\/wp\/v2\/types\/post"}],"author":[{"embeddable":true,"href":"https:\/\/www.pescanordeste.com.br\/revista\/wp-json\/wp\/v2\/users\/5"}],"replies":[{"embeddable":true,"href":"https:\/\/www.pescanordeste.com.br\/revista\/wp-json\/wp\/v2\/comments?post=2425"}],"version-history":[{"count":1,"href":"https:\/\/www.pescanordeste.com.br\/revista\/wp-json\/wp\/v2\/posts\/2425\/revisions"}],"predecessor-version":[{"id":2426,"href":"https:\/\/www.pescanordeste.com.br\/revista\/wp-json\/wp\/v2\/posts\/2425\/revisions\/2426"}],"wp:attachment":[{"href":"https:\/\/www.pescanordeste.com.br\/revista\/wp-json\/wp\/v2\/media?parent=2425"}],"wp:term":[{"taxonomy":"category","embeddable":true,"href":"https:\/\/www.pescanordeste.com.br\/revista\/wp-json\/wp\/v2\/categories?post=2425"},{"taxonomy":"post_tag","embeddable":true,"href":"https:\/\/www.pescanordeste.com.br\/revista\/wp-json\/wp\/v2\/tags?post=2425"}],"curies":[{"name":"wp","href":"https:\/\/api.w.org\/{rel}","templated":true}]}}