{"id":2417,"date":"2023-11-26T11:45:51","date_gmt":"2023-11-26T14:45:51","guid":{"rendered":"https:\/\/www.pescanordeste.com.br\/revista\/?p=2417"},"modified":"2023-12-18T15:21:37","modified_gmt":"2023-12-18T18:21:37","slug":"museu-da-pesca-184-pesca-de-praia-01","status":"publish","type":"post","link":"https:\/\/www.pescanordeste.com.br\/revista\/museu-da-pesca-184-pesca-de-praia-01\/","title":{"rendered":"Museu da Pesca 184 &#8211; Pesca de praia 01"},"content":{"rendered":"\n<p>Logo que cheguei em Natal, em 2001, os primeiros tempos foram de adapta\u00e7\u00e3o e conhecimento do local. Os primeiros pescadores que conheci foram o Alexandre Cardoso, o Carlos Blatt, o Kati\u00fascio e o Tu\u00e3 Torres. O Alexandre e o Blatt trabalhavam na loja \u201cMar &amp; Rio\u201d, o Tu\u00e3 em outra loja, tamb\u00e9m de pesca, mas n\u00e3o me recordo o nome. O Kati\u00fascio era um m\u00e9dico amigo deles, apaixonado pela pesca, inclusive pelo fly, que logo roubei (a amizade). Por <a><\/a>interm\u00e9dio dele conhecemos outra grande figura, o Juliano Lomonte, advogado. Todos jovens e na flor da idade, menos eu, j\u00e1 com bons anos no lombo.<\/p>\n\n\n\n<p>Essa turma fez diversas pescarias juntos, de praia, de represa, de lago e de rio, que mostrarei e comentarei no devido tempo.<\/p>\n\n\n\n<p>Como representante do programa de TV \u201cCaminhos da Pesca\u201d no Nordeste, logo recebi para gravar um programa os amigos Yadir Figueiredo e Ian de Sulocki, vindos de S\u00e3o Paulo e Rio de Janeiro, respectivamente, e como n\u00e3o poderia deixar de ser, o foco do programa seria pesca de praia, pois estava conosco um especialista, o Ian, fundador no Rio da \u201cUniversidade da Pesca\u201d, organiza\u00e7\u00e3o que al\u00e9m de ministrar cursos organizava excurs\u00f5es, atreladas ou n\u00e3o aos cursos oferecidos. Marcou \u00e9poca no Rio de Janeiro. Seguindo a linha de pouca conversa e poucas imagens, tinha decidido nesse t\u00f3pico \u201cpesca de praia\u201d colocar algumas imagens de pescarias feitas nessa ocasi\u00e3o, sem maiores referencias, mas achei que seria injusto com o pessoal da pesca de praia. Afinal, \u00e9 a modalidade que mais tem adeptos no Brasil, com essa vasta costa banhada pelo Oceano Atl\u00e2ntico.<\/p>\n\n\n\n<p>J\u00e1 ultrapassei o limite de conversa fiada, portanto vamos \u00e0s imagens. Entretanto, como hoje \u00e9 domingo, \u00e9 dia de pescaria e passeios, e, portanto, vou apenas mostrar o trailer do DVD que fizemos sobre a modalidade. Amanh\u00e3 conversaremos e mostraremos mais um pouco.<\/p>\n\n\n\n<figure class=\"wp-block-embed is-type-video is-provider-youtube wp-block-embed-youtube wp-embed-aspect-16-9 wp-has-aspect-ratio\"><div class=\"wp-block-embed__wrapper\">\n<iframe loading=\"lazy\" title=\"Trailer DVD Pesca de praia\" width=\"500\" height=\"281\" src=\"https:\/\/www.youtube.com\/embed\/OTcvuzHo4qk?feature=oembed\" frameborder=\"0\" allow=\"accelerometer; autoplay; clipboard-write; encrypted-media; gyroscope; picture-in-picture; web-share\" referrerpolicy=\"strict-origin-when-cross-origin\" allowfullscreen><\/iframe>\n<\/div><\/figure>\n","protected":false},"excerpt":{"rendered":"<p>Logo que cheguei em Natal, em 2001, os primeiros tempos foram de adapta\u00e7\u00e3o e conhecimento do local. Os primeiros pescadores que conheci foram o Alexandre Cardoso, o Carlos Blatt, o Kati\u00fascio e o Tu\u00e3 Torres. O Alexandre e o Blatt trabalhavam na loja \u201cMar &amp; Rio\u201d, o Tu\u00e3 em outra loja, tamb\u00e9m de pesca, mas [&hellip;]<\/p>\n","protected":false},"author":5,"featured_media":0,"comment_status":"closed","ping_status":"closed","sticky":false,"template":"","format":"standard","meta":{"sfsi_plus_gutenberg_text_before_share":"","sfsi_plus_gutenberg_show_text_before_share":"","sfsi_plus_gutenberg_icon_type":"","sfsi_plus_gutenberg_icon_alignemt":"","sfsi_plus_gutenburg_max_per_row":"","footnotes":""},"categories":[166],"tags":[185,188,178,167,7,30,97,4,189],"class_list":["post-2417","post","type-post","status-publish","format-standard","hentry","category-museu-da-pesca","tag-abc-da-pesca-de-praia","tag-caminhos-da-pesca","tag-marcao","tag-museu-da-pesca","tag-nordeste","tag-pesca","tag-pesca-de-praia","tag-pescaria","tag-universidade-da-pesca"],"_links":{"self":[{"href":"https:\/\/www.pescanordeste.com.br\/revista\/wp-json\/wp\/v2\/posts\/2417","targetHints":{"allow":["GET"]}}],"collection":[{"href":"https:\/\/www.pescanordeste.com.br\/revista\/wp-json\/wp\/v2\/posts"}],"about":[{"href":"https:\/\/www.pescanordeste.com.br\/revista\/wp-json\/wp\/v2\/types\/post"}],"author":[{"embeddable":true,"href":"https:\/\/www.pescanordeste.com.br\/revista\/wp-json\/wp\/v2\/users\/5"}],"replies":[{"embeddable":true,"href":"https:\/\/www.pescanordeste.com.br\/revista\/wp-json\/wp\/v2\/comments?post=2417"}],"version-history":[{"count":1,"href":"https:\/\/www.pescanordeste.com.br\/revista\/wp-json\/wp\/v2\/posts\/2417\/revisions"}],"predecessor-version":[{"id":2418,"href":"https:\/\/www.pescanordeste.com.br\/revista\/wp-json\/wp\/v2\/posts\/2417\/revisions\/2418"}],"wp:attachment":[{"href":"https:\/\/www.pescanordeste.com.br\/revista\/wp-json\/wp\/v2\/media?parent=2417"}],"wp:term":[{"taxonomy":"category","embeddable":true,"href":"https:\/\/www.pescanordeste.com.br\/revista\/wp-json\/wp\/v2\/categories?post=2417"},{"taxonomy":"post_tag","embeddable":true,"href":"https:\/\/www.pescanordeste.com.br\/revista\/wp-json\/wp\/v2\/tags?post=2417"}],"curies":[{"name":"wp","href":"https:\/\/api.w.org\/{rel}","templated":true}]}}