{"id":2415,"date":"2023-11-27T09:34:25","date_gmt":"2023-11-27T12:34:25","guid":{"rendered":"https:\/\/www.pescanordeste.com.br\/revista\/?p=2415"},"modified":"2023-12-18T15:18:01","modified_gmt":"2023-12-18T18:18:01","slug":"museu-da-pesca-185-pesca-de-praia-02","status":"publish","type":"post","link":"https:\/\/www.pescanordeste.com.br\/revista\/museu-da-pesca-185-pesca-de-praia-02\/","title":{"rendered":"Museu da Pesca 185 &#8211; Pesca de praia 02"},"content":{"rendered":"\n<p>Salve, pessoal! Ontem fiz uma postagem, o \u201cMuseu da Pesca 184\u201d, onde fiz alguns coment\u00e1rios sobre os motivos que originaram as grava\u00e7\u00f5es da pesca de praia. Afinal, de que vale contar o milagre se n\u00e3o mencionar o santo?<\/p>\n\n\n\n<p>O que deixei de contar foi que um dos motivos principais, al\u00e9m do programa Caminhos da Pesca, era aproveitar a oportunidade para gravar um v\u00eddeo sobre pesca de praia, o mais completo poss\u00edvel. Era um velho projeto, desde que <a><\/a>conheci o Ian numa Feipesca, quando montei um estande para apresentar minhas fitas VHS. Foi em 1995, e estava eu observando o movimento quando recebi a visita dele. N\u00e3o o conhecia, mas ele se apresentou, falou da \u201cUniversidade da Pesca\u201d, e disse que pretendia fazer um v\u00eddeo sobre pesca de praia, o que eu achava de participar da empreitada? Topei de cara, e a partir da\u00ed e v\u00e1rios trabalhos para a Trof\u00e9u Pesca em conjunto, ficamos amigos. Entretanto, as coisas s\u00f3 acontecem no momento certo, e aquela visita a Natal era o momento certo.<\/p>\n\n\n\n<p>Mas nem tudo corre de acordo com os planos. Nossa responsabilidade com as grava\u00e7\u00f5es do programa estava em primeiro lugar, e deixamos nosso projeto para o \u00faltimo dia. \u00c9 evidente que n\u00e3o deu tempo, e gravamos o que pudemos. Muita coisa deixou de ser dita, como por exemplo especifica\u00e7\u00f5es e dicas sobre anz\u00f3is, entre outros assuntos. O Ian j\u00e1 tinha me mandado um calhama\u00e7o de textos, mais parecia um livro, na verdade era uma apostilha do seu curso, e vimos que faltava gravar muita coisa. Mas n\u00e3o tinha o que fazer, paci\u00eancia. Completar\u00edamos depois, ou com o Ian voltando para Natal ou eu indo para S\u00e3o Paulo ou Rio, afinal com o andamento do programa fatalmente ir\u00edamos nos encontrar em breve. Mas dois meses depois, o programa acabou e o projeto foi esquecido.<\/p>\n\n\n\n<p>Tempos depois, j\u00e1 na era dos DVDs, achei uma pena e um desperd\u00edcio n\u00e3o usar o que gravamos naquela ocasi\u00e3o, e resolvi fazer um v\u00eddeo mais resumido, usando apenas o que t\u00ednhamos, mas coincidiu com o fim da era dos DVS e nem chegou a ser comercializado. Algum tempo depois chegou a pandemia, quando sem ter o que fazer e remexendo meus arquivos, achei a grava\u00e7\u00e3o do DVD e resolvi dar uma arrumada nele. O resultado foi um DVD que n\u00e3o \u00e9 completo em suas informa\u00e7\u00f5es, mas d\u00e1 uma ideia b\u00e1sica do que seja pesca de praia, ainda mais que toda a compet\u00eancia do Ian n\u00e3o podia ser desperdi\u00e7ada. Por isso o nome \u201cABC da Pesca de Praia\u201d, e n\u00e3o somente \u201cPesca de Praia\u201d. Foi feito para iniciantes e uma homenagem a esse mundar\u00e9u de adeptos dessa modalidade. Algumas cenas desse v\u00eddeo foram utilizadas nos VHS e DVD \u201cA Pesca no Nordeste\u201d, por isso algumas cenas j\u00e1 s\u00e3o conhecidas.<\/p>\n\n\n\n<p>Para variar, deve ter pouca assist\u00eancia, ainda mais porque tem 57 minutos, mas aconselho quem gosta da modalidade e \u00e9 iniciante ver at\u00e9 o fim e aprender um pouco mais com o Ian.<\/p>\n\n\n\n<figure class=\"wp-block-embed is-type-video is-provider-youtube wp-block-embed-youtube wp-embed-aspect-16-9 wp-has-aspect-ratio\"><div class=\"wp-block-embed__wrapper\">\n<iframe loading=\"lazy\" title=\"ABC da Pesca de Praia\" width=\"500\" height=\"281\" src=\"https:\/\/www.youtube.com\/embed\/H23AH-bOU0A?feature=oembed\" frameborder=\"0\" allow=\"accelerometer; autoplay; clipboard-write; encrypted-media; gyroscope; picture-in-picture; web-share\" referrerpolicy=\"strict-origin-when-cross-origin\" allowfullscreen><\/iframe>\n<\/div><\/figure>\n","protected":false},"excerpt":{"rendered":"<p>Salve, pessoal! Ontem fiz uma postagem, o \u201cMuseu da Pesca 184\u201d, onde fiz alguns coment\u00e1rios sobre os motivos que originaram as grava\u00e7\u00f5es da pesca de praia. Afinal, de que vale contar o milagre se n\u00e3o mencionar o santo? O que deixei de contar foi que um dos motivos principais, al\u00e9m do programa Caminhos da Pesca, [&hellip;]<\/p>\n","protected":false},"author":5,"featured_media":0,"comment_status":"closed","ping_status":"closed","sticky":false,"template":"","format":"standard","meta":{"sfsi_plus_gutenberg_text_before_share":"","sfsi_plus_gutenberg_show_text_before_share":"","sfsi_plus_gutenberg_icon_type":"","sfsi_plus_gutenberg_icon_alignemt":"","sfsi_plus_gutenburg_max_per_row":"","footnotes":""},"categories":[166],"tags":[185,188,178,167,7,30,97,4],"class_list":["post-2415","post","type-post","status-publish","format-standard","hentry","category-museu-da-pesca","tag-abc-da-pesca-de-praia","tag-caminhos-da-pesca","tag-marcao","tag-museu-da-pesca","tag-nordeste","tag-pesca","tag-pesca-de-praia","tag-pescaria"],"_links":{"self":[{"href":"https:\/\/www.pescanordeste.com.br\/revista\/wp-json\/wp\/v2\/posts\/2415","targetHints":{"allow":["GET"]}}],"collection":[{"href":"https:\/\/www.pescanordeste.com.br\/revista\/wp-json\/wp\/v2\/posts"}],"about":[{"href":"https:\/\/www.pescanordeste.com.br\/revista\/wp-json\/wp\/v2\/types\/post"}],"author":[{"embeddable":true,"href":"https:\/\/www.pescanordeste.com.br\/revista\/wp-json\/wp\/v2\/users\/5"}],"replies":[{"embeddable":true,"href":"https:\/\/www.pescanordeste.com.br\/revista\/wp-json\/wp\/v2\/comments?post=2415"}],"version-history":[{"count":1,"href":"https:\/\/www.pescanordeste.com.br\/revista\/wp-json\/wp\/v2\/posts\/2415\/revisions"}],"predecessor-version":[{"id":2416,"href":"https:\/\/www.pescanordeste.com.br\/revista\/wp-json\/wp\/v2\/posts\/2415\/revisions\/2416"}],"wp:attachment":[{"href":"https:\/\/www.pescanordeste.com.br\/revista\/wp-json\/wp\/v2\/media?parent=2415"}],"wp:term":[{"taxonomy":"category","embeddable":true,"href":"https:\/\/www.pescanordeste.com.br\/revista\/wp-json\/wp\/v2\/categories?post=2415"},{"taxonomy":"post_tag","embeddable":true,"href":"https:\/\/www.pescanordeste.com.br\/revista\/wp-json\/wp\/v2\/tags?post=2415"}],"curies":[{"name":"wp","href":"https:\/\/api.w.org\/{rel}","templated":true}]}}