{"id":2413,"date":"2023-11-29T11:53:54","date_gmt":"2023-11-29T14:53:54","guid":{"rendered":"https:\/\/www.pescanordeste.com.br\/revista\/?p=2413"},"modified":"2023-12-18T14:14:24","modified_gmt":"2023-12-18T17:14:24","slug":"museu-da-pesca-186-pesca-de-praia-03","status":"publish","type":"post","link":"https:\/\/www.pescanordeste.com.br\/revista\/museu-da-pesca-186-pesca-de-praia-03\/","title":{"rendered":"Museu da Pesca 186 &#8211; Pesca de praia 03"},"content":{"rendered":"\n<p>Aproveitando a boa vontade do Ian, ele nos ensina nesse bloco como confeccionar um chicote de praia. Infelizmente essas imagens, que faziam parte do programa \u201cCaminhos da Pesca\u201d, est\u00e3o com o \u201ctimecode\u201d impresso, mas o principal \u00e9 a informa\u00e7\u00e3o. Isso me lembra um absurdo que aconteceu num dos programas. A Record estava sob nova dire\u00e7\u00e3o, recentemente comprada pelos evang\u00e9licos, e o programa da semana seria sobre as belezas de Bonito, em Mato <a><\/a>Grosso do Sul. Infelizmente n\u00e3o participei dessa viagem, estava em outra grava\u00e7\u00e3o.<\/p>\n\n\n\n<p>Qual n\u00e3o foi minha surpresa ao ver as cenas submarinas, maravilhoso trabalho do Magr\u00e3o, operador da c\u00e2mera sub, estarem maculadas no centro com um ret\u00e2ngulo preto tapando parte das imagens. Achei esquisit\u00edssimo o porqu\u00ea daquilo, e ao perguntar ao Mateus Zillig, dono do programa e editor da Trof\u00e9u Pesca, ele me informou que tinha sido por determina\u00e7\u00e3o da Record, para evitar roubo das imagens. Achei um absurdo, falta de respeito com o espectador e os envolvidos nas grava\u00e7\u00f5es. Algu\u00e9m se lembra disso?<\/p>\n\n\n\n<figure class=\"wp-block-embed is-type-video is-provider-youtube wp-block-embed-youtube wp-embed-aspect-16-9 wp-has-aspect-ratio\"><div class=\"wp-block-embed__wrapper\">\n<iframe loading=\"lazy\" title=\"Ian montando um chicote de praia\" width=\"500\" height=\"281\" src=\"https:\/\/www.youtube.com\/embed\/1upbKnxNxiI?feature=oembed\" frameborder=\"0\" allow=\"accelerometer; autoplay; clipboard-write; encrypted-media; gyroscope; picture-in-picture; web-share\" referrerpolicy=\"strict-origin-when-cross-origin\" allowfullscreen><\/iframe>\n<\/div><\/figure>\n","protected":false},"excerpt":{"rendered":"<p>Aproveitando a boa vontade do Ian, ele nos ensina nesse bloco como confeccionar um chicote de praia. Infelizmente essas imagens, que faziam parte do programa \u201cCaminhos da Pesca\u201d, est\u00e3o com o \u201ctimecode\u201d impresso, mas o principal \u00e9 a informa\u00e7\u00e3o. Isso me lembra um absurdo que aconteceu num dos programas. A Record estava sob nova dire\u00e7\u00e3o, [&hellip;]<\/p>\n","protected":false},"author":5,"featured_media":0,"comment_status":"closed","ping_status":"closed","sticky":false,"template":"","format":"standard","meta":{"sfsi_plus_gutenberg_text_before_share":"","sfsi_plus_gutenberg_show_text_before_share":"","sfsi_plus_gutenberg_icon_type":"","sfsi_plus_gutenberg_icon_alignemt":"","sfsi_plus_gutenburg_max_per_row":"","footnotes":""},"categories":[166],"tags":[188,96,178,167,7,30,97,4],"class_list":["post-2413","post","type-post","status-publish","format-standard","hentry","category-museu-da-pesca","tag-caminhos-da-pesca","tag-chicote-de-pesca-de-praia","tag-marcao","tag-museu-da-pesca","tag-nordeste","tag-pesca","tag-pesca-de-praia","tag-pescaria"],"_links":{"self":[{"href":"https:\/\/www.pescanordeste.com.br\/revista\/wp-json\/wp\/v2\/posts\/2413","targetHints":{"allow":["GET"]}}],"collection":[{"href":"https:\/\/www.pescanordeste.com.br\/revista\/wp-json\/wp\/v2\/posts"}],"about":[{"href":"https:\/\/www.pescanordeste.com.br\/revista\/wp-json\/wp\/v2\/types\/post"}],"author":[{"embeddable":true,"href":"https:\/\/www.pescanordeste.com.br\/revista\/wp-json\/wp\/v2\/users\/5"}],"replies":[{"embeddable":true,"href":"https:\/\/www.pescanordeste.com.br\/revista\/wp-json\/wp\/v2\/comments?post=2413"}],"version-history":[{"count":1,"href":"https:\/\/www.pescanordeste.com.br\/revista\/wp-json\/wp\/v2\/posts\/2413\/revisions"}],"predecessor-version":[{"id":2414,"href":"https:\/\/www.pescanordeste.com.br\/revista\/wp-json\/wp\/v2\/posts\/2413\/revisions\/2414"}],"wp:attachment":[{"href":"https:\/\/www.pescanordeste.com.br\/revista\/wp-json\/wp\/v2\/media?parent=2413"}],"wp:term":[{"taxonomy":"category","embeddable":true,"href":"https:\/\/www.pescanordeste.com.br\/revista\/wp-json\/wp\/v2\/categories?post=2413"},{"taxonomy":"post_tag","embeddable":true,"href":"https:\/\/www.pescanordeste.com.br\/revista\/wp-json\/wp\/v2\/tags?post=2413"}],"curies":[{"name":"wp","href":"https:\/\/api.w.org\/{rel}","templated":true}]}}