{"id":1010,"date":"2009-01-05T16:51:33","date_gmt":"2009-01-05T19:51:33","guid":{"rendered":"https:\/\/www.pescanordeste.com.br\/revista\/?p=1010"},"modified":"2021-10-01T10:30:36","modified_gmt":"2021-10-01T13:30:36","slug":"tucunare-albino-o-sivuca","status":"publish","type":"post","link":"https:\/\/www.pescanordeste.com.br\/revista\/tucunare-albino-o-sivuca\/","title":{"rendered":"Tucunar\u00e9 Albino &#8211; O Sivuca"},"content":{"rendered":"\n<p>Tucunar\u00e9 capturado no agude do Saco em Nova Olinda, sert\u00e3o da Para\u00edba,&nbsp;pelo pescador&nbsp;An\u00edbal Rodrigues. Trata-se de um peixe raro, quem sabe at\u00e9 \u00fanico (seria demais). O importante \u00e9 que foi capturado, devidamente fotografado e&nbsp;devolvido \u00e0&nbsp;natureza. Resolvemos cham\u00e1-lo de&nbsp;Tucunar\u00e9 Sivuca em homenagem ao sanfoneiro e compositor paraibano Severino Dias de Oliveira.<\/p>\n\n\n\n<div class=\"wp-block-image\"><figure class=\"aligncenter size-full\"><a href=\"https:\/\/www.pescanordeste.com.br\/revista\/wp-content\/uploads\/2021\/10\/sivuca1.jpg\"><img loading=\"lazy\" decoding=\"async\" width=\"338\" height=\"450\" src=\"https:\/\/www.pescanordeste.com.br\/revista\/wp-content\/uploads\/2021\/10\/sivuca1.jpg\" alt=\"\" class=\"wp-image-1012\" srcset=\"https:\/\/www.pescanordeste.com.br\/revista\/wp-content\/uploads\/2021\/10\/sivuca1.jpg 338w, https:\/\/www.pescanordeste.com.br\/revista\/wp-content\/uploads\/2021\/10\/sivuca1-225x300.jpg 225w\" sizes=\"auto, (max-width: 338px) 100vw, 338px\" \/><\/a><\/figure><\/div>\n\n\n\n<div class=\"wp-block-image\"><figure class=\"aligncenter size-full\"><a href=\"https:\/\/www.pescanordeste.com.br\/revista\/wp-content\/uploads\/2021\/10\/sivuca2.jpg\"><img loading=\"lazy\" decoding=\"async\" width=\"450\" height=\"338\" src=\"https:\/\/www.pescanordeste.com.br\/revista\/wp-content\/uploads\/2021\/10\/sivuca2.jpg\" alt=\"\" class=\"wp-image-1013\" srcset=\"https:\/\/www.pescanordeste.com.br\/revista\/wp-content\/uploads\/2021\/10\/sivuca2.jpg 450w, https:\/\/www.pescanordeste.com.br\/revista\/wp-content\/uploads\/2021\/10\/sivuca2-300x225.jpg 300w\" sizes=\"auto, (max-width: 450px) 100vw, 450px\" \/><\/a><\/figure><\/div>\n","protected":false},"excerpt":{"rendered":"<p>Tucunar\u00e9 capturado no agude do Saco em Nova Olinda, sert\u00e3o da Para\u00edba,&nbsp;pelo pescador&nbsp;An\u00edbal Rodrigues. Trata-se de um peixe raro, quem sabe at\u00e9 \u00fanico (seria demais). O importante \u00e9 que foi capturado, devidamente fotografado e&nbsp;devolvido \u00e0&nbsp;natureza. Resolvemos cham\u00e1-lo de&nbsp;Tucunar\u00e9 Sivuca em homenagem ao sanfoneiro e compositor paraibano Severino Dias de Oliveira.<\/p>\n","protected":false},"author":1,"featured_media":0,"comment_status":"closed","ping_status":"closed","sticky":false,"template":"","format":"standard","meta":{"sfsi_plus_gutenberg_text_before_share":"","sfsi_plus_gutenberg_show_text_before_share":"","sfsi_plus_gutenberg_icon_type":"","sfsi_plus_gutenberg_icon_alignemt":"","sfsi_plus_gutenburg_max_per_row":"","footnotes":""},"categories":[162],"tags":[],"class_list":["post-1010","post","type-post","status-publish","format-standard","hentry","category-causos"],"_links":{"self":[{"href":"https:\/\/www.pescanordeste.com.br\/revista\/wp-json\/wp\/v2\/posts\/1010","targetHints":{"allow":["GET"]}}],"collection":[{"href":"https:\/\/www.pescanordeste.com.br\/revista\/wp-json\/wp\/v2\/posts"}],"about":[{"href":"https:\/\/www.pescanordeste.com.br\/revista\/wp-json\/wp\/v2\/types\/post"}],"author":[{"embeddable":true,"href":"https:\/\/www.pescanordeste.com.br\/revista\/wp-json\/wp\/v2\/users\/1"}],"replies":[{"embeddable":true,"href":"https:\/\/www.pescanordeste.com.br\/revista\/wp-json\/wp\/v2\/comments?post=1010"}],"version-history":[{"count":3,"href":"https:\/\/www.pescanordeste.com.br\/revista\/wp-json\/wp\/v2\/posts\/1010\/revisions"}],"predecessor-version":[{"id":2222,"href":"https:\/\/www.pescanordeste.com.br\/revista\/wp-json\/wp\/v2\/posts\/1010\/revisions\/2222"}],"wp:attachment":[{"href":"https:\/\/www.pescanordeste.com.br\/revista\/wp-json\/wp\/v2\/media?parent=1010"}],"wp:term":[{"taxonomy":"category","embeddable":true,"href":"https:\/\/www.pescanordeste.com.br\/revista\/wp-json\/wp\/v2\/categories?post=1010"},{"taxonomy":"post_tag","embeddable":true,"href":"https:\/\/www.pescanordeste.com.br\/revista\/wp-json\/wp\/v2\/tags?post=1010"}],"curies":[{"name":"wp","href":"https:\/\/api.w.org\/{rel}","templated":true}]}}